{"id":714,"date":"2023-05-02T06:19:49","date_gmt":"2023-05-02T06:19:49","guid":{"rendered":"https:\/\/schutzschild.online\/?p=714"},"modified":"2023-05-02T06:19:55","modified_gmt":"2023-05-02T06:19:55","slug":"ich-sollte-dies-einfach-mitmachen","status":"publish","type":"post","link":"https:\/\/schutzschild.org\/?p=714","title":{"rendered":"\u201eIch sollte dies einfach mitmachen \u2026\u201c\u00a0"},"content":{"rendered":"\n<p>Heute wurde ich in meinem Urlaub bei diesem T\u00fcrschild an meine Arbeit als Auditor erinnert.&nbsp;Leider sind \u00e4hnliche Antworten, wie \u201eich war nicht bei drei auf den B\u00e4umen\u201c oder \u201eich habe mich immer als Einziger im Team f\u00fcr das Thema Sicherheit interessiert\u201c in meinen Audits oder Auditvorbereitungen gar nicht so selten.&nbsp;<\/p>\n\n\n\n<p>Das sind Antworten auf meine Frage: \u201eWie sind Sie der IT-Sicherheitsbeauftragte Ihres Unternehmens geworden?\u201c. &nbsp;<br>Wobei die letzte Antwort mich immer sehr hoffnungsvoll stimmen k\u00f6nnte, wenn ich danach nicht oft die Frage \u201eWir haben doch eben dar\u00fcber gesprochen, dass Sie sich mehr Zeit, mehr Personal, mehr Weiterbildung, mehr Geld usw. als IT-Leiter w\u00fcnschen w\u00fcrden \u2026\u201c hinterher schiebe.&nbsp;<\/p>\n\n\n\n<p>Leider wird das Thema \u201eIT-Sicherheit\u201c oft noch sehr stiefm\u00fctterlich behandelt und ich ziehe vor diesen Menschen den Hut, wie sie oft mit sehr viel Leidenschaft, Engagement und Eigeninitiative das Thema in der Firma hochhalten.&nbsp;<\/p>\n\n\n\n<p>Wenn wir dann bei einem Sicherheitsvorfall als IT-Feuerwehr unterst\u00fctzen, sind es nicht selten genau diese Kollegen, die den Unterschied ausmachen, wie eine Firma durch den Angriff kommt bzw. ob sie ihn \u00fcberlebt. Meist ist dann das Geld erstmal egal und danach werden auch (zumindest vor\u00fcbergehend) Freir\u00e4ume geschaffen.&nbsp;<\/p>\n\n\n\n<p>Oft muss man aber nicht erst \u201edurch Schaden klug werden\u201c, sondern sollte sich vorher dar\u00fcber Gedanken machen.&nbsp;<\/p>\n\n\n\n<p>Falls ich Ihr Interesse geweckt habe, die n\u00e4chste M\u00f6glichkeit f\u00fcr einen Austausch bietet sich am 27.04. bei der Veranstaltung \u201eXPERTS on tour!\u201c in\u00a0Linz.<\/p>\n","protected":false},"excerpt":{"rendered":"<p>Heute wurde ich in meinem Urlaub bei diesem T\u00fcrschild an meine Arbeit als Auditor erinnert.&nbsp;Leider sind \u00e4hnliche Antworten, wie \u201eich war nicht bei drei auf den B\u00e4umen\u201c oder \u201eich habe&#8230;<\/p>\n","protected":false},"author":1,"featured_media":715,"comment_status":"closed","ping_status":"closed","sticky":false,"template":"","format":"standard","meta":{"footnotes":""},"categories":[14],"tags":[],"class_list":["post-714","post","type-post","status-publish","format-standard","has-post-thumbnail","hentry","category-vortraege"],"_links":{"self":[{"href":"https:\/\/schutzschild.org\/index.php?rest_route=\/wp\/v2\/posts\/714","targetHints":{"allow":["GET"]}}],"collection":[{"href":"https:\/\/schutzschild.org\/index.php?rest_route=\/wp\/v2\/posts"}],"about":[{"href":"https:\/\/schutzschild.org\/index.php?rest_route=\/wp\/v2\/types\/post"}],"author":[{"embeddable":true,"href":"https:\/\/schutzschild.org\/index.php?rest_route=\/wp\/v2\/users\/1"}],"replies":[{"embeddable":true,"href":"https:\/\/schutzschild.org\/index.php?rest_route=%2Fwp%2Fv2%2Fcomments&post=714"}],"version-history":[{"count":1,"href":"https:\/\/schutzschild.org\/index.php?rest_route=\/wp\/v2\/posts\/714\/revisions"}],"predecessor-version":[{"id":716,"href":"https:\/\/schutzschild.org\/index.php?rest_route=\/wp\/v2\/posts\/714\/revisions\/716"}],"wp:featuredmedia":[{"embeddable":true,"href":"https:\/\/schutzschild.org\/index.php?rest_route=\/wp\/v2\/media\/715"}],"wp:attachment":[{"href":"https:\/\/schutzschild.org\/index.php?rest_route=%2Fwp%2Fv2%2Fmedia&parent=714"}],"wp:term":[{"taxonomy":"category","embeddable":true,"href":"https:\/\/schutzschild.org\/index.php?rest_route=%2Fwp%2Fv2%2Fcategories&post=714"},{"taxonomy":"post_tag","embeddable":true,"href":"https:\/\/schutzschild.org\/index.php?rest_route=%2Fwp%2Fv2%2Ftags&post=714"}],"curies":[{"name":"wp","href":"https:\/\/api.w.org\/{rel}","templated":true}]}}